{"id":219,"date":"2018-09-22T18:57:03","date_gmt":"2018-09-22T16:57:03","guid":{"rendered":"http:\/\/corpusbio.com\/?p=219"},"modified":"2018-09-22T19:25:45","modified_gmt":"2018-09-22T17:25:45","slug":"remede-contre-la-fatigue","status":"publish","type":"post","link":"https:\/\/corpusbio.com\/index.php\/2018\/09\/22\/remede-contre-la-fatigue\/","title":{"rendered":"Rem\u00e8de contre la fatigue"},"content":{"rendered":"<h2><span style=\"color: #008000;\">Savez-vous que le pollen lutte contre la fatigue ?<\/span><\/h2>\n<p>Le <strong>pollen<\/strong> est un produit naturel fabriqu\u00e9 par les abeilles. Il constitue pour elles la nourriture de base de leurs larves.<\/p>\n<p>Pour l&rsquo;homme, c&rsquo;est un compl\u00e9ment alimentaire \u00e9nergisant et tonifiant. Il est riche en vitamines, en acides amin\u00e9s, en min\u00e9raux et en oligo-\u00e9l\u00e9ments divers.\u00a0Les personnes fatigu\u00e9es intellectuellement ou physiquement qui prendront du <strong>pollen<\/strong> retrouveront rapidement la forme. Je l&rsquo;ai test\u00e9, c&rsquo;est impressionnant ! D\u00e8s les premi\u00e8res prises, l&rsquo;envie de dormir apr\u00e8s le d\u00e9jeuner dispara\u00eet.<\/p>\n<p>Le <strong>pollen<\/strong> est vendu sous forme s\u00e9ch\u00e9e ou congel\u00e9e. Je pr\u00e9conise la forme congel\u00e9e car elle se conserve plus longtemps et elle garde ses vertus. Et surtout, vous pouvez sortir le <strong>pollen<\/strong> et le rentrer du cong\u00e9lateur sans probl\u00e8me tout en pr\u00e9servant son c\u00f4t\u00e9 fondant. Si vous \u00eates plusieurs \u00e0 en prendre, vous pouvez mettre la dose d\u00e9sir\u00e9e de pollen dans un r\u00e9cipient ferm\u00e9 en verre que vous placerez au r\u00e9frig\u00e9rateur pendant une semaine. Comptez environ 20\u20ac la barquette.<\/p>\n<figure id=\"attachment_220\" aria-describedby=\"caption-attachment-220\" style=\"width: 3006px\" class=\"wp-caption aligncenter\"><img loading=\"lazy\" class=\"wp-image-220 size-full\" style=\"line-height: 1.6471;\" src=\"http:\/\/corpusbio.com\/wp-content\/uploads\/2018\/09\/pollen-congele\u0301.jpg\" alt=\"\" width=\"3006\" height=\"1766\" srcset=\"https:\/\/corpusbio.com\/wp-content\/uploads\/2018\/09\/pollen-congele\u0301.jpg 3006w, https:\/\/corpusbio.com\/wp-content\/uploads\/2018\/09\/pollen-congele\u0301-300x176.jpg 300w, https:\/\/corpusbio.com\/wp-content\/uploads\/2018\/09\/pollen-congele\u0301-768x451.jpg 768w, https:\/\/corpusbio.com\/wp-content\/uploads\/2018\/09\/pollen-congele\u0301-1024x602.jpg 1024w\" sizes=\"(max-width: 3006px) 100vw, 3006px\" \/><figcaption id=\"caption-attachment-220\" class=\"wp-caption-text\"><span style=\"color: #008000;\">Pollen de ciste<\/span><\/figcaption><\/figure>\n<p>Chaque matin, prenez \u00e0 j<span style=\"line-height: 1.6471;\">eun une cuiller\u00e9e \u00e0 caf\u00e9 de\u00a0<\/span><span style=\"line-height: 1.6471;\"><strong>pollen<\/strong> pendant <strong>3 semaines<\/strong>. Il y a plusieurs sortes de pollen, tout comme le miel. \u00c0 la maison, j&rsquo;utilise le<strong> pollen de ciste<\/strong>. Celui-ci a \u00e9galement la vertu de r\u00e9\u00e9quilibrer les troubles intestinaux.<\/span><\/p>\n<p><strong>\u00c0 vous d&rsquo;essayez !<\/strong><\/p>\n<p>&nbsp;<\/p>\n","protected":false},"excerpt":{"rendered":"<p>Savez-vous que le pollen lutte contre la fatigue ? Le pollen est un produit naturel fabriqu\u00e9 par les abeilles. Il constitue pour elles la nourriture de base de leurs larves. Pour l&rsquo;homme, c&rsquo;est un compl\u00e9ment alimentaire \u00e9nergisant et tonifiant. Il est riche en vitamines, en acides amin\u00e9s, en min\u00e9raux et en oligo-\u00e9l\u00e9ments divers.\u00a0Les personnes fatigu\u00e9es &hellip; <a href=\"https:\/\/corpusbio.com\/index.php\/2018\/09\/22\/remede-contre-la-fatigue\/\" class=\"more-link\">Continuer la lecture de <span class=\"screen-reader-text\">Rem\u00e8de contre la fatigue<\/span><\/a><\/p>\n","protected":false},"author":1,"featured_media":0,"comment_status":"open","ping_status":"open","sticky":false,"template":"","format":"standard","meta":[],"categories":[41,40,42],"tags":[43],"yoast_head":"<!-- This site is optimized with the Yoast SEO plugin v15.1.1 - https:\/\/yoast.com\/wordpress\/plugins\/seo\/ -->\n<title>Rem\u00e8de contre la fatigue - CORPUS BIO<\/title>\n<meta name=\"robots\" content=\"index, follow, max-snippet:-1, max-image-preview:large, max-video-preview:-1\" \/>\n<link rel=\"canonical\" href=\"https:\/\/corpusbio.com\/index.php\/2018\/09\/22\/remede-contre-la-fatigue\/\" \/>\n<meta property=\"og:locale\" content=\"fr_FR\" \/>\n<meta property=\"og:type\" content=\"article\" \/>\n<meta property=\"og:title\" content=\"Rem\u00e8de contre la fatigue - CORPUS BIO\" \/>\n<meta property=\"og:description\" content=\"Savez-vous que le pollen lutte contre la fatigue ? Le pollen est un produit naturel fabriqu\u00e9 par les abeilles. Il constitue pour elles la nourriture de base de leurs larves. Pour l&rsquo;homme, c&rsquo;est un compl\u00e9ment alimentaire \u00e9nergisant et tonifiant. Il est riche en vitamines, en acides amin\u00e9s, en min\u00e9raux et en oligo-\u00e9l\u00e9ments divers.\u00a0Les personnes fatigu\u00e9es &hellip; Continuer la lecture de Rem\u00e8de contre la fatigue\" \/>\n<meta property=\"og:url\" content=\"https:\/\/corpusbio.com\/index.php\/2018\/09\/22\/remede-contre-la-fatigue\/\" \/>\n<meta property=\"og:site_name\" content=\"CORPUS BIO\" \/>\n<meta property=\"article:published_time\" content=\"2018-09-22T16:57:03+00:00\" \/>\n<meta property=\"article:modified_time\" content=\"2018-09-22T17:25:45+00:00\" \/>\n<meta property=\"og:image\" content=\"http:\/\/corpusbio.com\/wp-content\/uploads\/2018\/09\/pollen-congele\u0301.jpg\" \/>\n<meta name=\"twitter:card\" content=\"summary_large_image\" \/>\n<script type=\"application\/ld+json\" class=\"yoast-schema-graph\">{\"@context\":\"https:\/\/schema.org\",\"@graph\":[{\"@type\":\"WebSite\",\"@id\":\"https:\/\/corpusbio.com\/#website\",\"url\":\"https:\/\/corpusbio.com\/\",\"name\":\"CORPUS BIO\",\"description\":\"Comment se soigner naturellement\",\"publisher\":{\"@id\":\"https:\/\/corpusbio.com\/#\/schema\/person\/bdd5055130559d410a04c64c076875ce\"},\"potentialAction\":[{\"@type\":\"SearchAction\",\"target\":\"https:\/\/corpusbio.com\/?s={search_term_string}\",\"query-input\":\"required name=search_term_string\"}],\"inLanguage\":\"fr-FR\"},{\"@type\":\"ImageObject\",\"@id\":\"https:\/\/corpusbio.com\/index.php\/2018\/09\/22\/remede-contre-la-fatigue\/#primaryimage\",\"inLanguage\":\"fr-FR\",\"url\":\"http:\/\/corpusbio.com\/wp-content\/uploads\/2018\/09\/pollen-congele\\u0301.jpg\"},{\"@type\":\"WebPage\",\"@id\":\"https:\/\/corpusbio.com\/index.php\/2018\/09\/22\/remede-contre-la-fatigue\/#webpage\",\"url\":\"https:\/\/corpusbio.com\/index.php\/2018\/09\/22\/remede-contre-la-fatigue\/\",\"name\":\"Rem\\u00e8de contre la fatigue - CORPUS BIO\",\"isPartOf\":{\"@id\":\"https:\/\/corpusbio.com\/#website\"},\"primaryImageOfPage\":{\"@id\":\"https:\/\/corpusbio.com\/index.php\/2018\/09\/22\/remede-contre-la-fatigue\/#primaryimage\"},\"datePublished\":\"2018-09-22T16:57:03+00:00\",\"dateModified\":\"2018-09-22T17:25:45+00:00\",\"inLanguage\":\"fr-FR\",\"potentialAction\":[{\"@type\":\"ReadAction\",\"target\":[\"https:\/\/corpusbio.com\/index.php\/2018\/09\/22\/remede-contre-la-fatigue\/\"]}]},{\"@type\":\"Article\",\"@id\":\"https:\/\/corpusbio.com\/index.php\/2018\/09\/22\/remede-contre-la-fatigue\/#article\",\"isPartOf\":{\"@id\":\"https:\/\/corpusbio.com\/index.php\/2018\/09\/22\/remede-contre-la-fatigue\/#webpage\"},\"author\":{\"@id\":\"https:\/\/corpusbio.com\/#\/schema\/person\/bdd5055130559d410a04c64c076875ce\"},\"headline\":\"Rem\\u00e8de contre la fatigue\",\"datePublished\":\"2018-09-22T16:57:03+00:00\",\"dateModified\":\"2018-09-22T17:25:45+00:00\",\"mainEntityOfPage\":{\"@id\":\"https:\/\/corpusbio.com\/index.php\/2018\/09\/22\/remede-contre-la-fatigue\/#webpage\"},\"commentCount\":0,\"publisher\":{\"@id\":\"https:\/\/corpusbio.com\/#\/schema\/person\/bdd5055130559d410a04c64c076875ce\"},\"image\":{\"@id\":\"https:\/\/corpusbio.com\/index.php\/2018\/09\/22\/remede-contre-la-fatigue\/#primaryimage\"},\"keywords\":\"fatigue\",\"articleSection\":\"abeille,pollen,Th\\u00e8me immunitaire\",\"inLanguage\":\"fr-FR\",\"potentialAction\":[{\"@type\":\"CommentAction\",\"name\":\"Comment\",\"target\":[\"https:\/\/corpusbio.com\/index.php\/2018\/09\/22\/remede-contre-la-fatigue\/#respond\"]}]},{\"@type\":[\"Person\",\"Organization\"],\"@id\":\"https:\/\/corpusbio.com\/#\/schema\/person\/bdd5055130559d410a04c64c076875ce\",\"name\":\"mimi\",\"image\":{\"@type\":\"ImageObject\",\"@id\":\"https:\/\/corpusbio.com\/#personlogo\",\"inLanguage\":\"fr-FR\",\"url\":\"https:\/\/secure.gravatar.com\/avatar\/10f39ff057080fce202eaa979faeddc2?s=96&d=mm&r=g\",\"caption\":\"mimi\"},\"logo\":{\"@id\":\"https:\/\/corpusbio.com\/#personlogo\"}}]}<\/script>\n<!-- \/ Yoast SEO plugin. -->","_links":{"self":[{"href":"https:\/\/corpusbio.com\/index.php\/wp-json\/wp\/v2\/posts\/219"}],"collection":[{"href":"https:\/\/corpusbio.com\/index.php\/wp-json\/wp\/v2\/posts"}],"about":[{"href":"https:\/\/corpusbio.com\/index.php\/wp-json\/wp\/v2\/types\/post"}],"author":[{"embeddable":true,"href":"https:\/\/corpusbio.com\/index.php\/wp-json\/wp\/v2\/users\/1"}],"replies":[{"embeddable":true,"href":"https:\/\/corpusbio.com\/index.php\/wp-json\/wp\/v2\/comments?post=219"}],"version-history":[{"count":6,"href":"https:\/\/corpusbio.com\/index.php\/wp-json\/wp\/v2\/posts\/219\/revisions"}],"predecessor-version":[{"id":227,"href":"https:\/\/corpusbio.com\/index.php\/wp-json\/wp\/v2\/posts\/219\/revisions\/227"}],"wp:attachment":[{"href":"https:\/\/corpusbio.com\/index.php\/wp-json\/wp\/v2\/media?parent=219"}],"wp:term":[{"taxonomy":"category","embeddable":true,"href":"https:\/\/corpusbio.com\/index.php\/wp-json\/wp\/v2\/categories?post=219"},{"taxonomy":"post_tag","embeddable":true,"href":"https:\/\/corpusbio.com\/index.php\/wp-json\/wp\/v2\/tags?post=219"}],"curies":[{"name":"wp","href":"https:\/\/api.w.org\/{rel}","templated":true}]}}